{"id":119,"date":"2025-04-24T10:09:45","date_gmt":"2025-04-24T10:09:45","guid":{"rendered":"https:\/\/cfaebi.pt\/rumo\/?p=119"},"modified":"2025-05-13T11:43:11","modified_gmt":"2025-05-13T11:43:11","slug":"integracao-de-criancas-refugiadas-na-educacao-pre-escolar","status":"publish","type":"post","link":"https:\/\/cfaebi.pt\/rumo\/2025\/04\/24\/integracao-de-criancas-refugiadas-na-educacao-pre-escolar\/","title":{"rendered":"Integra\u00e7\u00e3o de Crian\u00e7as Refugiadas na Educa\u00e7\u00e3o Pr\u00e9-Escolar"},"content":{"rendered":"\n<p>A educa\u00e7\u00e3o pr\u00e9-escolar \u00e9 a primeira etapa da educa\u00e7\u00e3o b\u00e1sica no processo de educa\u00e7\u00e3o ao longo da vida e destina-se \u00e0s crian\u00e7as entre os 3 anos e a idade de ingresso na escolaridade obrigat\u00f3ria (Lei n.\u00ba 5\/97, de 10 de fevereiro). Os contextos de educa\u00e7\u00e3o pr\u00e9-escolar de qualidade s\u00e3o potencialmente espa\u00e7os para a constru\u00e7\u00e3o de rela\u00e7\u00f5es sociais positivas e para o desenvolvimento de sentimentos de perten\u00e7a \u00e0 fam\u00edlia, \u00e0 comunidade e \u00e0 cultura.<\/p>\n\n\n\n<div class=\"_df_book df-lite\" id=\"df_279\"  _slug=\"integracao-de-criancas-refugiadas-na-educacao-pre-escolar\" data-title=\"integracao-de-criancas-refugiadas-na-educacao-pre-escolar\" wpoptions=\"true\" thumbtype=\"\" ><\/div><script class=\"df-shortcode-script\" nowprocket type=\"application\/javascript\">window.option_df_279 = {\"outline\":[],\"height\":\"1200px\",\"autoEnableOutline\":\"false\",\"autoEnableThumbnail\":\"false\",\"overwritePDFOutline\":\"false\",\"direction\":\"1\",\"pageSize\":\"0\",\"source\":\"https:\\\/\\\/cfaebi.pt\\\/rumo\\\/wp-content\\\/uploads\\\/2025\\\/04\\\/integracao_de_criancas_refugiadas_na_educacao_pre-escolar.pdf\",\"wpOptions\":\"true\"}; if(window.DFLIP && window.DFLIP.parseBooks){window.DFLIP.parseBooks();}<\/script>\n","protected":false},"excerpt":{"rendered":"<p>A educa\u00e7\u00e3o pr\u00e9-escolar \u00e9 a primeira etapa da educa\u00e7\u00e3o b\u00e1sica no processo de educa\u00e7\u00e3o ao longo da vida e destina-se \u00e0s crian\u00e7as entre os 3 anos e a idade de ingresso na escolaridade obrigat\u00f3ria (Lei n.\u00ba 5\/97, de 10 de fevereiro). Os contextos de educa\u00e7\u00e3o pr\u00e9-escolar de qualidade s\u00e3o potencialmente espa\u00e7os para a constru\u00e7\u00e3o de &hellip; <a href=\"https:\/\/cfaebi.pt\/rumo\/2025\/04\/24\/integracao-de-criancas-refugiadas-na-educacao-pre-escolar\/\" class=\"more-link\">Continue reading<span class=\"screen-reader-text\"> &#8220;Integra\u00e7\u00e3o de Crian\u00e7as Refugiadas na Educa\u00e7\u00e3o Pr\u00e9-Escolar&#8221;<\/span><\/a><\/p>\n","protected":false},"author":1,"featured_media":254,"comment_status":"closed","ping_status":"closed","sticky":false,"template":"","format":"standard","meta":{"pagelayer_contact_templates":[],"_pagelayer_content":"","footnotes":""},"categories":[1],"tags":[],"class_list":["post-119","post","type-post","status-publish","format-standard","has-post-thumbnail","hentry","category-legislacao"],"_links":{"self":[{"href":"https:\/\/cfaebi.pt\/rumo\/wp-json\/wp\/v2\/posts\/119","targetHints":{"allow":["GET"]}}],"collection":[{"href":"https:\/\/cfaebi.pt\/rumo\/wp-json\/wp\/v2\/posts"}],"about":[{"href":"https:\/\/cfaebi.pt\/rumo\/wp-json\/wp\/v2\/types\/post"}],"author":[{"embeddable":true,"href":"https:\/\/cfaebi.pt\/rumo\/wp-json\/wp\/v2\/users\/1"}],"replies":[{"embeddable":true,"href":"https:\/\/cfaebi.pt\/rumo\/wp-json\/wp\/v2\/comments?post=119"}],"version-history":[{"count":9,"href":"https:\/\/cfaebi.pt\/rumo\/wp-json\/wp\/v2\/posts\/119\/revisions"}],"predecessor-version":[{"id":281,"href":"https:\/\/cfaebi.pt\/rumo\/wp-json\/wp\/v2\/posts\/119\/revisions\/281"}],"wp:featuredmedia":[{"embeddable":true,"href":"https:\/\/cfaebi.pt\/rumo\/wp-json\/wp\/v2\/media\/254"}],"wp:attachment":[{"href":"https:\/\/cfaebi.pt\/rumo\/wp-json\/wp\/v2\/media?parent=119"}],"wp:term":[{"taxonomy":"category","embeddable":true,"href":"https:\/\/cfaebi.pt\/rumo\/wp-json\/wp\/v2\/categories?post=119"},{"taxonomy":"post_tag","embeddable":true,"href":"https:\/\/cfaebi.pt\/rumo\/wp-json\/wp\/v2\/tags?post=119"}],"curies":[{"name":"wp","href":"https:\/\/api.w.org\/{rel}","templated":true}]}}