{"id":242,"date":"2025-05-12T23:31:57","date_gmt":"2025-05-12T23:31:57","guid":{"rendered":"https:\/\/cfaebi.pt\/rumo\/?p=242"},"modified":"2025-05-13T11:38:38","modified_gmt":"2025-05-13T11:38:38","slug":"dr-com-sentido","status":"publish","type":"post","link":"https:\/\/cfaebi.pt\/rumo\/2025\/05\/12\/dr-com-sentido\/","title":{"rendered":"\u00a0D@r com Sentido\u00a0"},"content":{"rendered":"\n<p>Pretende diminuir as diversas car\u00eancias verificadas em cada agregado familiar, atrav\u00e9s da recolha de alimentos perec\u00edveis e n\u00e3o perec\u00edveis, produtos de higiene pessoal e limpeza, que posteriormente chegam na forma que mais se adapte \u00e0s necessidades espec\u00edficas de cada fam\u00edlia apoiada.<\/p>\n\n\n\n<div class=\"_df_book df-lite\" id=\"df_271\"  _slug=\"dr-com-sentido\" data-title=\"dr-com-sentido\" wpoptions=\"true\" thumbtype=\"\" ><\/div><script class=\"df-shortcode-script\" nowprocket type=\"application\/javascript\">window.option_df_271 = {\"outline\":[],\"height\":\"800px\",\"autoEnableOutline\":\"false\",\"autoEnableThumbnail\":\"false\",\"overwritePDFOutline\":\"false\",\"direction\":\"1\",\"pageSize\":\"0\",\"source\":\"https:\\\/\\\/cfaebi.pt\\\/rumo\\\/wp-content\\\/uploads\\\/2025\\\/05\\\/AET_Template-de-Identificacao-de-Projetos-de-Integracao-de-Migrantes_-D@r-com-Sentido.pdf\",\"wpOptions\":\"true\"}; if(window.DFLIP && window.DFLIP.parseBooks){window.DFLIP.parseBooks();}<\/script>\n","protected":false},"excerpt":{"rendered":"<p>Pretende diminuir as diversas car\u00eancias verificadas em cada agregado familiar, atrav\u00e9s da recolha de alimentos perec\u00edveis e n\u00e3o perec\u00edveis, produtos de higiene pessoal e limpeza, que posteriormente chegam na forma que mais se adapte \u00e0s necessidades espec\u00edficas de cada fam\u00edlia apoiada.<\/p>\n","protected":false},"author":1,"featured_media":243,"comment_status":"closed","ping_status":"closed","sticky":false,"template":"","format":"standard","meta":{"pagelayer_contact_templates":[],"_pagelayer_content":"","footnotes":""},"categories":[14,13],"tags":[],"class_list":["post-242","post","type-post","status-publish","format-standard","has-post-thumbnail","hentry","category-agrupamento-de-escolas-do-teixoso","category-boas_praticas"],"_links":{"self":[{"href":"https:\/\/cfaebi.pt\/rumo\/wp-json\/wp\/v2\/posts\/242","targetHints":{"allow":["GET"]}}],"collection":[{"href":"https:\/\/cfaebi.pt\/rumo\/wp-json\/wp\/v2\/posts"}],"about":[{"href":"https:\/\/cfaebi.pt\/rumo\/wp-json\/wp\/v2\/types\/post"}],"author":[{"embeddable":true,"href":"https:\/\/cfaebi.pt\/rumo\/wp-json\/wp\/v2\/users\/1"}],"replies":[{"embeddable":true,"href":"https:\/\/cfaebi.pt\/rumo\/wp-json\/wp\/v2\/comments?post=242"}],"version-history":[{"count":2,"href":"https:\/\/cfaebi.pt\/rumo\/wp-json\/wp\/v2\/posts\/242\/revisions"}],"predecessor-version":[{"id":273,"href":"https:\/\/cfaebi.pt\/rumo\/wp-json\/wp\/v2\/posts\/242\/revisions\/273"}],"wp:featuredmedia":[{"embeddable":true,"href":"https:\/\/cfaebi.pt\/rumo\/wp-json\/wp\/v2\/media\/243"}],"wp:attachment":[{"href":"https:\/\/cfaebi.pt\/rumo\/wp-json\/wp\/v2\/media?parent=242"}],"wp:term":[{"taxonomy":"category","embeddable":true,"href":"https:\/\/cfaebi.pt\/rumo\/wp-json\/wp\/v2\/categories?post=242"},{"taxonomy":"post_tag","embeddable":true,"href":"https:\/\/cfaebi.pt\/rumo\/wp-json\/wp\/v2\/tags?post=242"}],"curies":[{"name":"wp","href":"https:\/\/api.w.org\/{rel}","templated":true}]}}