{"id":246,"date":"2025-05-12T23:35:17","date_gmt":"2025-05-12T23:35:17","guid":{"rendered":"https:\/\/cfaebi.pt\/rumo\/?p=246"},"modified":"2025-05-13T11:36:07","modified_gmt":"2025-05-13T11:36:07","slug":"projeto-loja-social","status":"publish","type":"post","link":"https:\/\/cfaebi.pt\/rumo\/2025\/05\/12\/projeto-loja-social\/","title":{"rendered":"\u00a0Projeto\u00a0Loja Social\u00a0"},"content":{"rendered":"\n<p>A Loja Social \u00e9 um projeto de interven\u00e7\u00e3o e apoio social do Agrupamento de Escolas do Teixoso. Visa suprir as necessidades mais emergentes de alunos\/fam\u00edlias carenciadas atrav\u00e9s da ced\u00eancia gratuita de pe\u00e7as de vestu\u00e1rio, utens\u00edlios de cozinha, material escolar e brinquedos que s\u00e3o usados ou novos e doados por particulares.<\/p>\n\n\n\n<div class=\"_df_book df-lite\" id=\"df_267\"  _slug=\"267\" data-title=\"projeto-loja-social\" wpoptions=\"true\" thumbtype=\"\" ><\/div><script class=\"df-shortcode-script\" nowprocket type=\"application\/javascript\">window.option_df_267 = {\"outline\":[],\"height\":\"800px\",\"autoEnableOutline\":\"false\",\"autoEnableThumbnail\":\"false\",\"overwritePDFOutline\":\"false\",\"direction\":\"1\",\"pageSize\":\"0\",\"source\":\"https:\\\/\\\/cfaebi.pt\\\/rumo\\\/wp-content\\\/uploads\\\/2025\\\/05\\\/AET_Template-de-Identificacao-de-Projetos-de-Integracao-de-Migrantes_-Loja-Social.pdf\",\"wpOptions\":\"true\"}; if(window.DFLIP && window.DFLIP.parseBooks){window.DFLIP.parseBooks();}<\/script>\n","protected":false},"excerpt":{"rendered":"<p>A Loja Social \u00e9 um projeto de interven\u00e7\u00e3o e apoio social do Agrupamento de Escolas do Teixoso. Visa suprir as necessidades mais emergentes de alunos\/fam\u00edlias carenciadas atrav\u00e9s da ced\u00eancia gratuita de pe\u00e7as de vestu\u00e1rio, utens\u00edlios de cozinha, material escolar e brinquedos que s\u00e3o usados ou novos e doados por particulares.<\/p>\n","protected":false},"author":1,"featured_media":251,"comment_status":"closed","ping_status":"closed","sticky":false,"template":"","format":"standard","meta":{"pagelayer_contact_templates":[],"_pagelayer_content":"","footnotes":""},"categories":[14,13],"tags":[],"class_list":["post-246","post","type-post","status-publish","format-standard","has-post-thumbnail","hentry","category-agrupamento-de-escolas-do-teixoso","category-boas_praticas"],"_links":{"self":[{"href":"https:\/\/cfaebi.pt\/rumo\/wp-json\/wp\/v2\/posts\/246","targetHints":{"allow":["GET"]}}],"collection":[{"href":"https:\/\/cfaebi.pt\/rumo\/wp-json\/wp\/v2\/posts"}],"about":[{"href":"https:\/\/cfaebi.pt\/rumo\/wp-json\/wp\/v2\/types\/post"}],"author":[{"embeddable":true,"href":"https:\/\/cfaebi.pt\/rumo\/wp-json\/wp\/v2\/users\/1"}],"replies":[{"embeddable":true,"href":"https:\/\/cfaebi.pt\/rumo\/wp-json\/wp\/v2\/comments?post=246"}],"version-history":[{"count":4,"href":"https:\/\/cfaebi.pt\/rumo\/wp-json\/wp\/v2\/posts\/246\/revisions"}],"predecessor-version":[{"id":270,"href":"https:\/\/cfaebi.pt\/rumo\/wp-json\/wp\/v2\/posts\/246\/revisions\/270"}],"wp:featuredmedia":[{"embeddable":true,"href":"https:\/\/cfaebi.pt\/rumo\/wp-json\/wp\/v2\/media\/251"}],"wp:attachment":[{"href":"https:\/\/cfaebi.pt\/rumo\/wp-json\/wp\/v2\/media?parent=246"}],"wp:term":[{"taxonomy":"category","embeddable":true,"href":"https:\/\/cfaebi.pt\/rumo\/wp-json\/wp\/v2\/categories?post=246"},{"taxonomy":"post_tag","embeddable":true,"href":"https:\/\/cfaebi.pt\/rumo\/wp-json\/wp\/v2\/tags?post=246"}],"curies":[{"name":"wp","href":"https:\/\/api.w.org\/{rel}","templated":true}]}}