{"id":287,"date":"2025-05-14T09:05:08","date_gmt":"2025-05-14T09:05:08","guid":{"rendered":"https:\/\/cfaebi.pt\/rumo\/?p=287"},"modified":"2025-05-14T09:09:36","modified_gmt":"2025-05-14T09:09:36","slug":"sabores-pelo-mundo","status":"publish","type":"post","link":"https:\/\/cfaebi.pt\/rumo\/2025\/05\/14\/sabores-pelo-mundo\/","title":{"rendered":"Sabores pelo Mundo"},"content":{"rendered":"\n<p><br>Promover o conhecimento e o respeito pelas diferentes culturas, estimular a curiosidade e o interesse dos alunos pela diversidade cultural, proporcionar momentos de partilha entre alunos, professores e fam\u00edlias e valorizar o papel da escola como espa\u00e7o de inclus\u00e3o e conviv\u00eancia multicultural.<\/p>\n\n\n\n<div class=\"_df_book df-lite\" id=\"df_284\"  _slug=\"sabores-pelo-mundo\" data-title=\"sabores-pelo-mundo\" wpoptions=\"true\" thumbtype=\"\" ><\/div><script class=\"df-shortcode-script\" nowprocket type=\"application\/javascript\">window.option_df_284 = {\"outline\":[],\"height\":\"800px\",\"autoEnableOutline\":\"false\",\"autoEnableThumbnail\":\"false\",\"overwritePDFOutline\":\"false\",\"direction\":\"1\",\"pageSize\":\"0\",\"source\":\"https:\\\/\\\/cfaebi.pt\\\/rumo\\\/wp-content\\\/uploads\\\/2025\\\/05\\\/Template-de-Identificacao-de-Projetos-de-Integracao-de-Migrantes-2.pdf\",\"wpOptions\":\"true\"}; if(window.DFLIP && window.DFLIP.parseBooks){window.DFLIP.parseBooks();}<\/script>\n\n\n\n<p><\/p>\n","protected":false},"excerpt":{"rendered":"<p>Promover o conhecimento e o respeito pelas diferentes culturas, estimular a curiosidade e o interesse dos alunos pela diversidade cultural, proporcionar momentos de partilha entre alunos, professores e fam\u00edlias e valorizar o papel da escola como espa\u00e7o de inclus\u00e3o e conviv\u00eancia multicultural.<\/p>\n","protected":false},"author":1,"featured_media":288,"comment_status":"closed","ping_status":"closed","sticky":false,"template":"","format":"standard","meta":{"pagelayer_contact_templates":[],"_pagelayer_content":"","footnotes":""},"categories":[8,13],"tags":[],"class_list":["post-287","post","type-post","status-publish","format-standard","has-post-thumbnail","hentry","category-agrupamento-de-escolas-a-la-e-a-neve","category-boas_praticas"],"_links":{"self":[{"href":"https:\/\/cfaebi.pt\/rumo\/wp-json\/wp\/v2\/posts\/287","targetHints":{"allow":["GET"]}}],"collection":[{"href":"https:\/\/cfaebi.pt\/rumo\/wp-json\/wp\/v2\/posts"}],"about":[{"href":"https:\/\/cfaebi.pt\/rumo\/wp-json\/wp\/v2\/types\/post"}],"author":[{"embeddable":true,"href":"https:\/\/cfaebi.pt\/rumo\/wp-json\/wp\/v2\/users\/1"}],"replies":[{"embeddable":true,"href":"https:\/\/cfaebi.pt\/rumo\/wp-json\/wp\/v2\/comments?post=287"}],"version-history":[{"count":2,"href":"https:\/\/cfaebi.pt\/rumo\/wp-json\/wp\/v2\/posts\/287\/revisions"}],"predecessor-version":[{"id":291,"href":"https:\/\/cfaebi.pt\/rumo\/wp-json\/wp\/v2\/posts\/287\/revisions\/291"}],"wp:featuredmedia":[{"embeddable":true,"href":"https:\/\/cfaebi.pt\/rumo\/wp-json\/wp\/v2\/media\/288"}],"wp:attachment":[{"href":"https:\/\/cfaebi.pt\/rumo\/wp-json\/wp\/v2\/media?parent=287"}],"wp:term":[{"taxonomy":"category","embeddable":true,"href":"https:\/\/cfaebi.pt\/rumo\/wp-json\/wp\/v2\/categories?post=287"},{"taxonomy":"post_tag","embeddable":true,"href":"https:\/\/cfaebi.pt\/rumo\/wp-json\/wp\/v2\/tags?post=287"}],"curies":[{"name":"wp","href":"https:\/\/api.w.org\/{rel}","templated":true}]}}