{"id":296,"date":"2025-05-14T09:13:51","date_gmt":"2025-05-14T09:13:51","guid":{"rendered":"https:\/\/cfaebi.pt\/rumo\/?p=296"},"modified":"2025-05-14T09:30:38","modified_gmt":"2025-05-14T09:30:38","slug":"escm-escola-solidaria-multicultural-e-cooperante","status":"publish","type":"post","link":"https:\/\/cfaebi.pt\/rumo\/2025\/05\/14\/escm-escola-solidaria-multicultural-e-cooperante\/","title":{"rendered":"ESCM &#8211; Escola Solid\u00e1ria Multicultural e Cooperante"},"content":{"rendered":"\n<p>Capacitar alunos e respetivas fam\u00edlias, numa perspetiva de apoio e orienta\u00e7\u00e3o nas distintas vertentes das suas vidas, nomeadamente na promo\u00e7\u00e3o, prote\u00e7\u00e3o, defesa e informa\u00e7\u00e3o dos direitos essenciais de cidadania, sa\u00fade, educa\u00e7\u00e3o e integra\u00e7\u00e3o na sociedade, promovendo a sua plena integra\u00e7\u00e3o na comunidade escolar.- Proporcionar um acompanhamento especializado nas quest\u00f5es de essencial import\u00e2ncia, nomeadamente no que concerne ao apoio social, psicossocial, educacional e cultural. Disponibilizar ferramentas imprescind\u00edveis para a promo\u00e7\u00e3o do bem-estar f\u00edsico, emocional e social dos jovens migrantes e suas fam\u00edlias.- Desenvolver programas de refor\u00e7o de aprendizagem da l\u00edngua portuguesa e das l\u00ednguas maternas dos NPT, com vista \u00e0 plena integra\u00e7\u00e3o dos jovens e \u00e0 preven\u00e7\u00e3o do insucesso e do abandono escolar precoce.- Promover atividades interculturais para os jovens, as suas fam\u00edlias e a comunidade educativa que permitam o conhecimento e a partilha das diferentes vivencias.<\/p>\n\n\n\n<div class=\"_df_book df-lite\" id=\"df_292\"  _slug=\"escm-escola-solidaria-multicultural-e-cooperante\" data-title=\"escm-escola-solidaria-multicultural-e-cooperante\" wpoptions=\"true\" thumbtype=\"\" ><\/div><script class=\"df-shortcode-script\" nowprocket type=\"application\/javascript\">window.option_df_292 = {\"outline\":[],\"height\":\"800px\",\"autoEnableOutline\":\"false\",\"autoEnableThumbnail\":\"false\",\"overwritePDFOutline\":\"false\",\"direction\":\"1\",\"pageSize\":\"0\",\"source\":\"https:\\\/\\\/cfaebi.pt\\\/rumo\\\/wp-content\\\/uploads\\\/2025\\\/05\\\/Template-de-Identificacao-de-Projetos-de-Integracao-de-Migrantes_CamposMelo01.pdf\",\"wpOptions\":\"true\"}; if(window.DFLIP && window.DFLIP.parseBooks){window.DFLIP.parseBooks();}<\/script>\n","protected":false},"excerpt":{"rendered":"<p>Capacitar alunos e respetivas fam\u00edlias, numa perspetiva de apoio e orienta\u00e7\u00e3o nas distintas vertentes das suas vidas, nomeadamente na promo\u00e7\u00e3o, prote\u00e7\u00e3o, defesa e informa\u00e7\u00e3o dos direitos essenciais de cidadania, sa\u00fade, educa\u00e7\u00e3o e integra\u00e7\u00e3o na sociedade, promovendo a sua plena integra\u00e7\u00e3o na comunidade escolar.- Proporcionar um acompanhamento especializado nas quest\u00f5es de essencial import\u00e2ncia, nomeadamente no que &hellip; <a href=\"https:\/\/cfaebi.pt\/rumo\/2025\/05\/14\/escm-escola-solidaria-multicultural-e-cooperante\/\" class=\"more-link\">Continue reading<span class=\"screen-reader-text\"> &#8220;ESCM &#8211; Escola Solid\u00e1ria Multicultural e Cooperante&#8221;<\/span><\/a><\/p>\n","protected":false},"author":1,"featured_media":297,"comment_status":"closed","ping_status":"closed","sticky":false,"template":"","format":"standard","meta":{"pagelayer_contact_templates":[],"_pagelayer_content":"","footnotes":""},"categories":[13,7],"tags":[],"class_list":["post-296","post","type-post","status-publish","format-standard","has-post-thumbnail","hentry","category-boas_praticas","category-escola-secundaria-campos-melo"],"_links":{"self":[{"href":"https:\/\/cfaebi.pt\/rumo\/wp-json\/wp\/v2\/posts\/296","targetHints":{"allow":["GET"]}}],"collection":[{"href":"https:\/\/cfaebi.pt\/rumo\/wp-json\/wp\/v2\/posts"}],"about":[{"href":"https:\/\/cfaebi.pt\/rumo\/wp-json\/wp\/v2\/types\/post"}],"author":[{"embeddable":true,"href":"https:\/\/cfaebi.pt\/rumo\/wp-json\/wp\/v2\/users\/1"}],"replies":[{"embeddable":true,"href":"https:\/\/cfaebi.pt\/rumo\/wp-json\/wp\/v2\/comments?post=296"}],"version-history":[{"count":1,"href":"https:\/\/cfaebi.pt\/rumo\/wp-json\/wp\/v2\/posts\/296\/revisions"}],"predecessor-version":[{"id":298,"href":"https:\/\/cfaebi.pt\/rumo\/wp-json\/wp\/v2\/posts\/296\/revisions\/298"}],"wp:featuredmedia":[{"embeddable":true,"href":"https:\/\/cfaebi.pt\/rumo\/wp-json\/wp\/v2\/media\/297"}],"wp:attachment":[{"href":"https:\/\/cfaebi.pt\/rumo\/wp-json\/wp\/v2\/media?parent=296"}],"wp:term":[{"taxonomy":"category","embeddable":true,"href":"https:\/\/cfaebi.pt\/rumo\/wp-json\/wp\/v2\/categories?post=296"},{"taxonomy":"post_tag","embeddable":true,"href":"https:\/\/cfaebi.pt\/rumo\/wp-json\/wp\/v2\/tags?post=296"}],"curies":[{"name":"wp","href":"https:\/\/api.w.org\/{rel}","templated":true}]}}