{"id":334,"date":"2025-05-14T20:55:51","date_gmt":"2025-05-14T20:55:51","guid":{"rendered":"https:\/\/cfaebi.pt\/rumo\/?p=334"},"modified":"2025-05-14T20:59:43","modified_gmt":"2025-05-14T20:59:43","slug":"guiao-de-boas-vindas-welcome-guide","status":"publish","type":"post","link":"https:\/\/cfaebi.pt\/rumo\/2025\/05\/14\/guiao-de-boas-vindas-welcome-guide\/","title":{"rendered":"Gui\u00e3o de Boas Vindas &#8211; Welcome Guide"},"content":{"rendered":"\n<p>Receber, acolher e integrar os alunos e fam\u00edlias migrantes na comunidade escolar.<\/p>\n\n\n\n<p>Reuni\u00e3o de boas-vindas com a Dire\u00e7\u00e3o\/Coordena\u00e7\u00e3o da escola e Diretor de Turma; Apresenta\u00e7\u00e3o da escola, regras, hor\u00e1rios e servi\u00e7os dispon\u00edveis; visita guiada pelas instala\u00e7\u00f5es da escola (salas de aula, refeit\u00f3rio, biblioteca, servi\u00e7os administrativos). Entrevista com a fam\u00edlia para conhecer hist\u00f3ria migrat\u00f3ria, idioma(s) falado(s) em casa, escolariza\u00e7\u00e3o do aluno, expectativas\/ necessidades.<\/p>\n\n\n\n<div class=\"_df_book df-lite\" id=\"df_332\"  _slug=\"guiao-de-boas-vindas-welcome-guide\" data-title=\"guiao-de-boas-vindas-welcome-guide\" wpoptions=\"true\" thumbtype=\"\" ><\/div><script class=\"df-shortcode-script\" nowprocket type=\"application\/javascript\">window.option_df_332 = {\"outline\":[],\"height\":\"800px\",\"autoEnableOutline\":\"false\",\"autoEnableThumbnail\":\"false\",\"overwritePDFOutline\":\"false\",\"direction\":\"1\",\"pageSize\":\"0\",\"source\":\"https:\\\/\\\/cfaebi.pt\\\/rumo\\\/wp-content\\\/uploads\\\/2025\\\/05\\\/Guiao-de-Boas-Vindas-Welcome-Guide.pdf\",\"wpOptions\":\"true\"}; if(window.DFLIP && window.DFLIP.parseBooks){window.DFLIP.parseBooks();}<\/script>\n","protected":false},"excerpt":{"rendered":"<p>Receber, acolher e integrar os alunos e fam\u00edlias migrantes na comunidade escolar. Reuni\u00e3o de boas-vindas com a Dire\u00e7\u00e3o\/Coordena\u00e7\u00e3o da escola e Diretor de Turma; Apresenta\u00e7\u00e3o da escola, regras, hor\u00e1rios e servi\u00e7os dispon\u00edveis; visita guiada pelas instala\u00e7\u00f5es da escola (salas de aula, refeit\u00f3rio, biblioteca, servi\u00e7os administrativos). Entrevista com a fam\u00edlia para conhecer hist\u00f3ria migrat\u00f3ria, idioma(s) falado(s) &hellip; <a href=\"https:\/\/cfaebi.pt\/rumo\/2025\/05\/14\/guiao-de-boas-vindas-welcome-guide\/\" class=\"more-link\">Continue reading<span class=\"screen-reader-text\"> &#8220;Gui\u00e3o de Boas Vindas &#8211; Welcome Guide&#8221;<\/span><\/a><\/p>\n","protected":false},"author":1,"featured_media":339,"comment_status":"closed","ping_status":"closed","sticky":false,"template":"","format":"standard","meta":{"pagelayer_contact_templates":[],"_pagelayer_content":"","footnotes":""},"categories":[16,13],"tags":[],"class_list":["post-334","post","type-post","status-publish","format-standard","has-post-thumbnail","hentry","category-agrupamento-de-escolas-frei-heitor-pinto","category-boas_praticas"],"_links":{"self":[{"href":"https:\/\/cfaebi.pt\/rumo\/wp-json\/wp\/v2\/posts\/334","targetHints":{"allow":["GET"]}}],"collection":[{"href":"https:\/\/cfaebi.pt\/rumo\/wp-json\/wp\/v2\/posts"}],"about":[{"href":"https:\/\/cfaebi.pt\/rumo\/wp-json\/wp\/v2\/types\/post"}],"author":[{"embeddable":true,"href":"https:\/\/cfaebi.pt\/rumo\/wp-json\/wp\/v2\/users\/1"}],"replies":[{"embeddable":true,"href":"https:\/\/cfaebi.pt\/rumo\/wp-json\/wp\/v2\/comments?post=334"}],"version-history":[{"count":2,"href":"https:\/\/cfaebi.pt\/rumo\/wp-json\/wp\/v2\/posts\/334\/revisions"}],"predecessor-version":[{"id":338,"href":"https:\/\/cfaebi.pt\/rumo\/wp-json\/wp\/v2\/posts\/334\/revisions\/338"}],"wp:featuredmedia":[{"embeddable":true,"href":"https:\/\/cfaebi.pt\/rumo\/wp-json\/wp\/v2\/media\/339"}],"wp:attachment":[{"href":"https:\/\/cfaebi.pt\/rumo\/wp-json\/wp\/v2\/media?parent=334"}],"wp:term":[{"taxonomy":"category","embeddable":true,"href":"https:\/\/cfaebi.pt\/rumo\/wp-json\/wp\/v2\/categories?post=334"},{"taxonomy":"post_tag","embeddable":true,"href":"https:\/\/cfaebi.pt\/rumo\/wp-json\/wp\/v2\/tags?post=334"}],"curies":[{"name":"wp","href":"https:\/\/api.w.org\/{rel}","templated":true}]}}