{"id":456,"date":"2025-05-19T23:21:23","date_gmt":"2025-05-19T23:21:23","guid":{"rendered":"https:\/\/cfaebi.pt\/rumo\/?p=456"},"modified":"2025-05-19T23:25:11","modified_gmt":"2025-05-19T23:25:11","slug":"portugues-lingua-nao-materna-portaria-n-o-29-2025-1-de-7-de-fevereiro","status":"publish","type":"post","link":"https:\/\/cfaebi.pt\/rumo\/2025\/05\/19\/portugues-lingua-nao-materna-portaria-n-o-29-2025-1-de-7-de-fevereiro\/","title":{"rendered":"Portugu\u00eas L\u00edngua n\u00e3o Materna &#8211; Portaria n.\u00ba 29\/2025\/1, de 7 de fevereiro"},"content":{"rendered":"\n<h4><strong>Procede \u00e0 segunda altera\u00e7\u00e3o \u00e0 Portaria n.\u00ba 223-A\/2018, de 3 de agosto, que regulamenta as ofertas educativas do ensino b\u00e1sico previstas no n.\u00ba 2 do artigo 7.\u00ba do Decreto-Lei n.\u00ba 55\/2018, de 6 de julho, na sua reda\u00e7\u00e3o atual.<\/strong><\/h4>\n\n\n<!-- PDF Embedder: Please provide an \"URL\" attribute in your shortcode. -->\n\n\n<div data-wp-interactive=\"core\/file\" class=\"wp-block-file\"><object data-wp-bind--hidden=\"!state.hasPdfPreview\" hidden class=\"wp-block-file__embed\" data=\"https:\/\/cfaebi.pt\/rumo\/wp-content\/uploads\/2025\/05\/0019600206.pdf\" type=\"application\/pdf\" style=\"width:100%;height:600px\" aria-label=\"Incorpora\u00e7\u00e3o de 1.\"><\/object><a id=\"wp-block-file--media-3dfdd301-e299-46a1-9ad5-506ecdc73be3\" href=\"https:\/\/cfaebi.pt\/rumo\/wp-content\/uploads\/2025\/05\/0019600206.pdf\">1<\/a><a href=\"https:\/\/cfaebi.pt\/rumo\/wp-content\/uploads\/2025\/05\/0019600206.pdf\" class=\"wp-block-file__button wp-element-button\" download aria-describedby=\"wp-block-file--media-3dfdd301-e299-46a1-9ad5-506ecdc73be3\">Descarregar<\/a><\/div>\n","protected":false},"excerpt":{"rendered":"","protected":false},"author":2,"featured_media":0,"comment_status":"closed","ping_status":"closed","sticky":false,"template":"","format":"standard","meta":{"pagelayer_contact_templates":[],"_pagelayer_content":"","footnotes":""},"categories":[1],"tags":[],"class_list":["post-456","post","type-post","status-publish","format-standard","hentry","category-legislacao"],"_links":{"self":[{"href":"https:\/\/cfaebi.pt\/rumo\/wp-json\/wp\/v2\/posts\/456","targetHints":{"allow":["GET"]}}],"collection":[{"href":"https:\/\/cfaebi.pt\/rumo\/wp-json\/wp\/v2\/posts"}],"about":[{"href":"https:\/\/cfaebi.pt\/rumo\/wp-json\/wp\/v2\/types\/post"}],"author":[{"embeddable":true,"href":"https:\/\/cfaebi.pt\/rumo\/wp-json\/wp\/v2\/users\/2"}],"replies":[{"embeddable":true,"href":"https:\/\/cfaebi.pt\/rumo\/wp-json\/wp\/v2\/comments?post=456"}],"version-history":[{"count":4,"href":"https:\/\/cfaebi.pt\/rumo\/wp-json\/wp\/v2\/posts\/456\/revisions"}],"predecessor-version":[{"id":461,"href":"https:\/\/cfaebi.pt\/rumo\/wp-json\/wp\/v2\/posts\/456\/revisions\/461"}],"wp:attachment":[{"href":"https:\/\/cfaebi.pt\/rumo\/wp-json\/wp\/v2\/media?parent=456"}],"wp:term":[{"taxonomy":"category","embeddable":true,"href":"https:\/\/cfaebi.pt\/rumo\/wp-json\/wp\/v2\/categories?post=456"},{"taxonomy":"post_tag","embeddable":true,"href":"https:\/\/cfaebi.pt\/rumo\/wp-json\/wp\/v2\/tags?post=456"}],"curies":[{"name":"wp","href":"https:\/\/api.w.org\/{rel}","templated":true}]}}