{"id":479,"date":"2025-05-20T14:54:18","date_gmt":"2025-05-20T14:54:18","guid":{"rendered":"https:\/\/cfaebi.pt\/rumo\/?p=479"},"modified":"2025-05-20T15:06:34","modified_gmt":"2025-05-20T15:06:34","slug":"a-falar-e-que-a-gente-se-entende","status":"publish","type":"post","link":"https:\/\/cfaebi.pt\/rumo\/2025\/05\/20\/a-falar-e-que-a-gente-se-entende\/","title":{"rendered":"A Falar \u00e9 que a Gente se Entende"},"content":{"rendered":"\n<p>O aumento do n\u00famero de alunos imigrantes na escola, nomeadamente de pa\u00edses de l\u00edngua n\u00e3o portuguesa, suscitou a necessidade de se desenvolverem estrat\u00e9gias que promovessem a comunica\u00e7\u00e3o e a sua plena integra\u00e7\u00e3o escolar e social.<br>A escola promove atividades, estrat\u00e9gias, projetos diversificados em articula\u00e7\u00e3o com os DT, a Psic\u00f3loga Escolar, a EMAEI, projetos escolares, BE e parceiros da comunidade.<\/p>\n\n\n\n<div class=\"_df_book df-lite\" id=\"df_482\"  _slug=\"a-falar-e-que-a-gente-se-entende\" data-title=\"a-falar-e-que-a-gente-se-entende\" wpoptions=\"true\" thumbtype=\"\" ><\/div><script class=\"df-shortcode-script\" nowprocket type=\"application\/javascript\">window.option_df_482 = {\"outline\":[],\"height\":\"1200px\",\"autoEnableOutline\":\"false\",\"autoEnableThumbnail\":\"false\",\"overwritePDFOutline\":\"false\",\"direction\":\"1\",\"pageSize\":\"0\",\"source\":\"https:\\\/\\\/cfaebi.pt\\\/rumo\\\/wp-content\\\/uploads\\\/2025\\\/05\\\/Template-RUMOS_palmeiras01.pdf\",\"wpOptions\":\"true\"}; if(window.DFLIP && window.DFLIP.parseBooks){window.DFLIP.parseBooks();}<\/script>\n","protected":false},"excerpt":{"rendered":"<p>O aumento do n\u00famero de alunos imigrantes na escola, nomeadamente de pa\u00edses de l\u00edngua n\u00e3o portuguesa, suscitou a necessidade de se desenvolverem estrat\u00e9gias que promovessem a comunica\u00e7\u00e3o e a sua plena integra\u00e7\u00e3o escolar e social.A escola promove atividades, estrat\u00e9gias, projetos diversificados em articula\u00e7\u00e3o com os DT, a Psic\u00f3loga Escolar, a EMAEI, projetos escolares, BE e &hellip; <a href=\"https:\/\/cfaebi.pt\/rumo\/2025\/05\/20\/a-falar-e-que-a-gente-se-entende\/\" class=\"more-link\">Continue reading<span class=\"screen-reader-text\"> &#8220;A Falar \u00e9 que a Gente se Entende&#8221;<\/span><\/a><\/p>\n","protected":false},"author":1,"featured_media":480,"comment_status":"closed","ping_status":"closed","sticky":false,"template":"","format":"standard","meta":{"pagelayer_contact_templates":[],"_pagelayer_content":"","footnotes":""},"categories":[13,6],"tags":[],"class_list":["post-479","post","type-post","status-publish","format-standard","has-post-thumbnail","hentry","category-boas_praticas","category-escola-secundaria-quinta-das-palmeiras"],"_links":{"self":[{"href":"https:\/\/cfaebi.pt\/rumo\/wp-json\/wp\/v2\/posts\/479","targetHints":{"allow":["GET"]}}],"collection":[{"href":"https:\/\/cfaebi.pt\/rumo\/wp-json\/wp\/v2\/posts"}],"about":[{"href":"https:\/\/cfaebi.pt\/rumo\/wp-json\/wp\/v2\/types\/post"}],"author":[{"embeddable":true,"href":"https:\/\/cfaebi.pt\/rumo\/wp-json\/wp\/v2\/users\/1"}],"replies":[{"embeddable":true,"href":"https:\/\/cfaebi.pt\/rumo\/wp-json\/wp\/v2\/comments?post=479"}],"version-history":[{"count":2,"href":"https:\/\/cfaebi.pt\/rumo\/wp-json\/wp\/v2\/posts\/479\/revisions"}],"predecessor-version":[{"id":485,"href":"https:\/\/cfaebi.pt\/rumo\/wp-json\/wp\/v2\/posts\/479\/revisions\/485"}],"wp:featuredmedia":[{"embeddable":true,"href":"https:\/\/cfaebi.pt\/rumo\/wp-json\/wp\/v2\/media\/480"}],"wp:attachment":[{"href":"https:\/\/cfaebi.pt\/rumo\/wp-json\/wp\/v2\/media?parent=479"}],"wp:term":[{"taxonomy":"category","embeddable":true,"href":"https:\/\/cfaebi.pt\/rumo\/wp-json\/wp\/v2\/categories?post=479"},{"taxonomy":"post_tag","embeddable":true,"href":"https:\/\/cfaebi.pt\/rumo\/wp-json\/wp\/v2\/tags?post=479"}],"curies":[{"name":"wp","href":"https:\/\/api.w.org\/{rel}","templated":true}]}}