{"id":501,"date":"2025-05-21T15:07:32","date_gmt":"2025-05-21T15:07:32","guid":{"rendered":"https:\/\/cfaebi.pt\/rumo\/?p=501"},"modified":"2025-05-21T15:18:06","modified_gmt":"2025-05-21T15:18:06","slug":"projeto-jump-programa-escolhas","status":"publish","type":"post","link":"https:\/\/cfaebi.pt\/rumo\/2025\/05\/21\/projeto-jump-programa-escolhas\/","title":{"rendered":"Projeto JUMP \u2013 Programa Escolhas"},"content":{"rendered":"\n<p>Valorizar a educa\u00e7\u00e3o, formal e informal, como agente de mudan\u00e7a, promotora de um pensamento cr\u00edtico e criativo, potenciando uma maior participa\u00e7\u00e3o c\u00edvica de crian\u00e7as, jovens e seus familiares provenientes de contextos socioecon\u00f3micos mais desfavorecidos, incluindo imigrantes.<\/p>\n\n\n\n<div class=\"_df_book df-lite\" id=\"df_498\"  _slug=\"projeto-jump-programa-escolhas\" data-title=\"projeto-jump-programa-escolhas\" wpoptions=\"true\" thumbtype=\"\" ><\/div><script class=\"df-shortcode-script\" nowprocket type=\"application\/javascript\">window.option_df_498 = {\"outline\":[],\"height\":\"1200px\",\"autoEnableOutline\":\"false\",\"autoEnableThumbnail\":\"false\",\"overwritePDFOutline\":\"false\",\"direction\":\"1\",\"pageSize\":\"0\",\"source\":\"https:\\\/\\\/cfaebi.pt\\\/rumo\\\/wp-content\\\/uploads\\\/2025\\\/05\\\/Template-de-Identificacao-de-Projetos-de-Integracao-de-Migrantes_PedroAlvaresCabral.pdf\",\"wpOptions\":\"true\"}; if(window.DFLIP && window.DFLIP.parseBooks){window.DFLIP.parseBooks();}<\/script>\n\n\n\n<p><\/p>\n","protected":false},"excerpt":{"rendered":"<p>Valorizar a educa\u00e7\u00e3o, formal e informal, como agente de mudan\u00e7a, promotora de um pensamento cr\u00edtico e criativo, potenciando uma maior participa\u00e7\u00e3o c\u00edvica de crian\u00e7as, jovens e seus familiares provenientes de contextos socioecon\u00f3micos mais desfavorecidos, incluindo imigrantes.<\/p>\n","protected":false},"author":1,"featured_media":507,"comment_status":"closed","ping_status":"closed","sticky":false,"template":"","format":"standard","meta":{"pagelayer_contact_templates":[],"_pagelayer_content":"","footnotes":""},"categories":[20,13],"tags":[],"class_list":["post-501","post","type-post","status-publish","format-standard","has-post-thumbnail","hentry","category-agrupamento-de-escolas-pedro-alvares-cabral","category-boas_praticas"],"_links":{"self":[{"href":"https:\/\/cfaebi.pt\/rumo\/wp-json\/wp\/v2\/posts\/501","targetHints":{"allow":["GET"]}}],"collection":[{"href":"https:\/\/cfaebi.pt\/rumo\/wp-json\/wp\/v2\/posts"}],"about":[{"href":"https:\/\/cfaebi.pt\/rumo\/wp-json\/wp\/v2\/types\/post"}],"author":[{"embeddable":true,"href":"https:\/\/cfaebi.pt\/rumo\/wp-json\/wp\/v2\/users\/1"}],"replies":[{"embeddable":true,"href":"https:\/\/cfaebi.pt\/rumo\/wp-json\/wp\/v2\/comments?post=501"}],"version-history":[{"count":3,"href":"https:\/\/cfaebi.pt\/rumo\/wp-json\/wp\/v2\/posts\/501\/revisions"}],"predecessor-version":[{"id":506,"href":"https:\/\/cfaebi.pt\/rumo\/wp-json\/wp\/v2\/posts\/501\/revisions\/506"}],"wp:featuredmedia":[{"embeddable":true,"href":"https:\/\/cfaebi.pt\/rumo\/wp-json\/wp\/v2\/media\/507"}],"wp:attachment":[{"href":"https:\/\/cfaebi.pt\/rumo\/wp-json\/wp\/v2\/media?parent=501"}],"wp:term":[{"taxonomy":"category","embeddable":true,"href":"https:\/\/cfaebi.pt\/rumo\/wp-json\/wp\/v2\/categories?post=501"},{"taxonomy":"post_tag","embeddable":true,"href":"https:\/\/cfaebi.pt\/rumo\/wp-json\/wp\/v2\/tags?post=501"}],"curies":[{"name":"wp","href":"https:\/\/api.w.org\/{rel}","templated":true}]}}