{"id":514,"date":"2025-05-21T16:09:21","date_gmt":"2025-05-21T16:09:21","guid":{"rendered":"https:\/\/cfaebi.pt\/rumo\/?p=514"},"modified":"2025-05-22T15:08:39","modified_gmt":"2025-05-22T15:08:39","slug":"a-integracao-de-criancasnao-acompanhadas-em-portugala-abordagem-de-direitos-da-criancana-acao-do-estado","status":"publish","type":"post","link":"https:\/\/cfaebi.pt\/rumo\/2025\/05\/21\/a-integracao-de-criancasnao-acompanhadas-em-portugala-abordagem-de-direitos-da-criancana-acao-do-estado\/","title":{"rendered":"A integra\u00e7\u00e3o de crian\u00e7as n\u00e3o acompanhadas em Portugal: a abordagem de direitos da crian\u00e7a na a\u00e7\u00e3o do Estado"},"content":{"rendered":"\n<h3 class=\"wp-block-heading\">Comit\u00e9 Portugu\u00eas para a UNICEF<\/h3>\n\n\n\n<div class=\"_df_book df-lite\" id=\"df_567\"  _slug=\"a-integracao-de-criancas-nao-acompanhadas-em-portugal-a-abordagem-de-direitos-da-crianca-na-acao-do-estado-unicef\" data-title=\"a-integracao-de-criancas-nao-acompanhadas-em-portugal-a-abordagem-de-direitos-da-crianca-na-acao-do-estado-unicef\" wpoptions=\"true\" thumbtype=\"\" ><\/div><script class=\"df-shortcode-script\" nowprocket type=\"application\/javascript\">window.option_df_567 = {\"outline\":[],\"height\":\"1200px\",\"autoEnableOutline\":\"false\",\"autoEnableThumbnail\":\"false\",\"overwritePDFOutline\":\"false\",\"direction\":\"1\",\"pageSize\":\"0\",\"source\":\"https:\\\/\\\/cfaebi.pt\\\/rumo\\\/wp-content\\\/uploads\\\/2025\\\/05\\\/relato-rio_a-integrac-a-o-de-cna_junho2021_final-1.pdf\",\"wpOptions\":\"true\"}; if(window.DFLIP && window.DFLIP.parseBooks){window.DFLIP.parseBooks();}<\/script>\n\n\n\n<p><\/p>\n","protected":false},"excerpt":{"rendered":"<p>Comit\u00e9 Portugu\u00eas para a UNICEF<\/p>\n","protected":false},"author":2,"featured_media":0,"comment_status":"closed","ping_status":"closed","sticky":false,"template":"","format":"standard","meta":{"pagelayer_contact_templates":[],"_pagelayer_content":"","footnotes":""},"categories":[18],"tags":[],"class_list":["post-514","post","type-post","status-publish","format-standard","hentry","category-arquivo-documental"],"_links":{"self":[{"href":"https:\/\/cfaebi.pt\/rumo\/wp-json\/wp\/v2\/posts\/514","targetHints":{"allow":["GET"]}}],"collection":[{"href":"https:\/\/cfaebi.pt\/rumo\/wp-json\/wp\/v2\/posts"}],"about":[{"href":"https:\/\/cfaebi.pt\/rumo\/wp-json\/wp\/v2\/types\/post"}],"author":[{"embeddable":true,"href":"https:\/\/cfaebi.pt\/rumo\/wp-json\/wp\/v2\/users\/2"}],"replies":[{"embeddable":true,"href":"https:\/\/cfaebi.pt\/rumo\/wp-json\/wp\/v2\/comments?post=514"}],"version-history":[{"count":4,"href":"https:\/\/cfaebi.pt\/rumo\/wp-json\/wp\/v2\/posts\/514\/revisions"}],"predecessor-version":[{"id":574,"href":"https:\/\/cfaebi.pt\/rumo\/wp-json\/wp\/v2\/posts\/514\/revisions\/574"}],"wp:attachment":[{"href":"https:\/\/cfaebi.pt\/rumo\/wp-json\/wp\/v2\/media?parent=514"}],"wp:term":[{"taxonomy":"category","embeddable":true,"href":"https:\/\/cfaebi.pt\/rumo\/wp-json\/wp\/v2\/categories?post=514"},{"taxonomy":"post_tag","embeddable":true,"href":"https:\/\/cfaebi.pt\/rumo\/wp-json\/wp\/v2\/tags?post=514"}],"curies":[{"name":"wp","href":"https:\/\/api.w.org\/{rel}","templated":true}]}}