{"id":578,"date":"2025-05-22T10:41:19","date_gmt":"2025-05-22T10:41:19","guid":{"rendered":"https:\/\/cfaebi.pt\/rumo\/?p=578"},"modified":"2025-05-22T10:41:20","modified_gmt":"2025-05-22T10:41:20","slug":"entre-culturas-e-coracoes","status":"publish","type":"post","link":"https:\/\/cfaebi.pt\/rumo\/2025\/05\/22\/entre-culturas-e-coracoes\/","title":{"rendered":"Entre Culturas e Cora\u00e7\u00f5es"},"content":{"rendered":"\n<p>O projeto \u201cEntre Culturas e Cora\u00e7\u00f5es\u201d \u00e9 criado no decorrer do exerc\u00edcio das fun\u00e7\u00f5es de Mediador Lingu\u00edstico e Cultural. A crescente multiculturalidade presente nas escolas exigiu uma abordagem integradora, que n\u00e3o apenas favorecesse a aprendizagem da l\u00edngua portuguesa, mas tamb\u00e9m o desenvolvimento emocional e a valoriza\u00e7\u00e3o da cultura.<\/p>\n\n\n\n<div class=\"_df_book df-lite\" id=\"df_575\"  _slug=\"entre-culturas-e-coracoes\" data-title=\"entre-culturas-e-coracoes\" wpoptions=\"true\" thumbtype=\"\" ><\/div><script class=\"df-shortcode-script\" nowprocket type=\"application\/javascript\">window.option_df_575 = {\"outline\":[],\"height\":\"1200px\",\"autoEnableOutline\":\"false\",\"autoEnableThumbnail\":\"false\",\"overwritePDFOutline\":\"false\",\"direction\":\"1\",\"pageSize\":\"0\",\"source\":\"https:\\\/\\\/cfaebi.pt\\\/rumo\\\/wp-content\\\/uploads\\\/2025\\\/05\\\/RUMO_AEPC_Entre-Culturas-e-Coracoes.pdf\",\"wpOptions\":\"true\"}; if(window.DFLIP && window.DFLIP.parseBooks){window.DFLIP.parseBooks();}<\/script>\n","protected":false},"excerpt":{"rendered":"<p>O projeto \u201cEntre Culturas e Cora\u00e7\u00f5es\u201d \u00e9 criado no decorrer do exerc\u00edcio das fun\u00e7\u00f5es de Mediador Lingu\u00edstico e Cultural. A crescente multiculturalidade presente nas escolas exigiu uma abordagem integradora, que n\u00e3o apenas favorecesse a aprendizagem da l\u00edngua portuguesa, mas tamb\u00e9m o desenvolvimento emocional e a valoriza\u00e7\u00e3o da cultura.<\/p>\n","protected":false},"author":1,"featured_media":579,"comment_status":"closed","ping_status":"closed","sticky":false,"template":"","format":"standard","meta":{"pagelayer_contact_templates":[],"_pagelayer_content":"","footnotes":""},"categories":[21,13],"tags":[],"class_list":["post-578","post","type-post","status-publish","format-standard","has-post-thumbnail","hentry","category-agrupamento-de-escola-pero-da-covilha","category-boas_praticas"],"_links":{"self":[{"href":"https:\/\/cfaebi.pt\/rumo\/wp-json\/wp\/v2\/posts\/578","targetHints":{"allow":["GET"]}}],"collection":[{"href":"https:\/\/cfaebi.pt\/rumo\/wp-json\/wp\/v2\/posts"}],"about":[{"href":"https:\/\/cfaebi.pt\/rumo\/wp-json\/wp\/v2\/types\/post"}],"author":[{"embeddable":true,"href":"https:\/\/cfaebi.pt\/rumo\/wp-json\/wp\/v2\/users\/1"}],"replies":[{"embeddable":true,"href":"https:\/\/cfaebi.pt\/rumo\/wp-json\/wp\/v2\/comments?post=578"}],"version-history":[{"count":1,"href":"https:\/\/cfaebi.pt\/rumo\/wp-json\/wp\/v2\/posts\/578\/revisions"}],"predecessor-version":[{"id":580,"href":"https:\/\/cfaebi.pt\/rumo\/wp-json\/wp\/v2\/posts\/578\/revisions\/580"}],"wp:featuredmedia":[{"embeddable":true,"href":"https:\/\/cfaebi.pt\/rumo\/wp-json\/wp\/v2\/media\/579"}],"wp:attachment":[{"href":"https:\/\/cfaebi.pt\/rumo\/wp-json\/wp\/v2\/media?parent=578"}],"wp:term":[{"taxonomy":"category","embeddable":true,"href":"https:\/\/cfaebi.pt\/rumo\/wp-json\/wp\/v2\/categories?post=578"},{"taxonomy":"post_tag","embeddable":true,"href":"https:\/\/cfaebi.pt\/rumo\/wp-json\/wp\/v2\/tags?post=578"}],"curies":[{"name":"wp","href":"https:\/\/api.w.org\/{rel}","templated":true}]}}