{"id":586,"date":"2025-05-22T11:09:54","date_gmt":"2025-05-22T11:09:54","guid":{"rendered":"https:\/\/cfaebi.pt\/rumo\/?p=586"},"modified":"2025-05-22T11:23:45","modified_gmt":"2025-05-22T11:23:45","slug":"cei-capacitar-educar-incluir","status":"publish","type":"post","link":"https:\/\/cfaebi.pt\/rumo\/2025\/05\/22\/cei-capacitar-educar-incluir\/","title":{"rendered":"CEI (Capacitar, Educar, Incluir)"},"content":{"rendered":"\n<p>Face \u00e0s dificuldades encontradas pelo Encarregados de Educa\u00e7\u00e3o dos alunos Migrantes em gerir a vida escolar dos seus filhos surgiu este din\u00e2mica.<\/p>\n\n\n\n<div class=\"_df_book df-lite\" id=\"df_585\"  _slug=\"585\" data-title=\"cei-capacitar-educar-incluir\" wpoptions=\"true\" thumbtype=\"\" ><\/div><script class=\"df-shortcode-script\" nowprocket type=\"application\/javascript\">window.option_df_585 = {\"outline\":[],\"height\":\"1200px\",\"autoEnableOutline\":\"false\",\"autoEnableThumbnail\":\"false\",\"overwritePDFOutline\":\"false\",\"direction\":\"1\",\"pageSize\":\"0\",\"source\":\"https:\\\/\\\/cfaebi.pt\\\/rumo\\\/wp-content\\\/uploads\\\/2025\\\/05\\\/CEI-Rumo.pdf\",\"wpOptions\":\"true\"}; if(window.DFLIP && window.DFLIP.parseBooks){window.DFLIP.parseBooks();}<\/script>\n","protected":false},"excerpt":{"rendered":"<p>Face \u00e0s dificuldades encontradas pelo Encarregados de Educa\u00e7\u00e3o dos alunos Migrantes em gerir a vida escolar dos seus filhos surgiu este din\u00e2mica.<\/p>\n","protected":false},"author":1,"featured_media":590,"comment_status":"closed","ping_status":"closed","sticky":false,"template":"","format":"standard","meta":{"pagelayer_contact_templates":[],"_pagelayer_content":"","footnotes":""},"categories":[17,13],"tags":[],"class_list":["post-586","post","type-post","status-publish","format-standard","has-post-thumbnail","hentry","category-agrupamento-de-escolas-do-fundao","category-boas_praticas"],"_links":{"self":[{"href":"https:\/\/cfaebi.pt\/rumo\/wp-json\/wp\/v2\/posts\/586","targetHints":{"allow":["GET"]}}],"collection":[{"href":"https:\/\/cfaebi.pt\/rumo\/wp-json\/wp\/v2\/posts"}],"about":[{"href":"https:\/\/cfaebi.pt\/rumo\/wp-json\/wp\/v2\/types\/post"}],"author":[{"embeddable":true,"href":"https:\/\/cfaebi.pt\/rumo\/wp-json\/wp\/v2\/users\/1"}],"replies":[{"embeddable":true,"href":"https:\/\/cfaebi.pt\/rumo\/wp-json\/wp\/v2\/comments?post=586"}],"version-history":[{"count":1,"href":"https:\/\/cfaebi.pt\/rumo\/wp-json\/wp\/v2\/posts\/586\/revisions"}],"predecessor-version":[{"id":591,"href":"https:\/\/cfaebi.pt\/rumo\/wp-json\/wp\/v2\/posts\/586\/revisions\/591"}],"wp:featuredmedia":[{"embeddable":true,"href":"https:\/\/cfaebi.pt\/rumo\/wp-json\/wp\/v2\/media\/590"}],"wp:attachment":[{"href":"https:\/\/cfaebi.pt\/rumo\/wp-json\/wp\/v2\/media?parent=586"}],"wp:term":[{"taxonomy":"category","embeddable":true,"href":"https:\/\/cfaebi.pt\/rumo\/wp-json\/wp\/v2\/categories?post=586"},{"taxonomy":"post_tag","embeddable":true,"href":"https:\/\/cfaebi.pt\/rumo\/wp-json\/wp\/v2\/tags?post=586"}],"curies":[{"name":"wp","href":"https:\/\/api.w.org\/{rel}","templated":true}]}}