{"id":595,"date":"2025-05-22T11:17:19","date_gmt":"2025-05-22T11:17:19","guid":{"rendered":"https:\/\/cfaebi.pt\/rumo\/?p=595"},"modified":"2025-05-22T11:17:20","modified_gmt":"2025-05-22T11:17:20","slug":"bem-vindos-a-escola","status":"publish","type":"post","link":"https:\/\/cfaebi.pt\/rumo\/2025\/05\/22\/bem-vindos-a-escola\/","title":{"rendered":"&#8220;Bem-vindos \u00e0 Escola&#8221;"},"content":{"rendered":"\n<p>Contribuir para a constru\u00e7\u00e3o de n\u00edveis superiores de integra\u00e7\u00e3o dos alunos, assentes no trabalho conjunto e devidamente articulado entre todos. Definir e implementar pr\u00e1ticas de interven\u00e7\u00e3o social para a integra\u00e7\u00e3o de migrantes na escola; Fomentar rela\u00e7\u00f5es de convivi\u00eancia intercultural.<\/p>\n\n\n\n<div class=\"_df_book df-lite\" id=\"df_592\"  _slug=\"bem-vindos-a-escola\" data-title=\"bem-vindos-a-escola\" wpoptions=\"true\" thumbtype=\"\" ><\/div><script class=\"df-shortcode-script\" nowprocket type=\"application\/javascript\">window.option_df_592 = {\"outline\":[],\"height\":\"1200px\",\"autoEnableOutline\":\"false\",\"autoEnableThumbnail\":\"false\",\"overwritePDFOutline\":\"false\",\"direction\":\"1\",\"pageSize\":\"0\",\"source\":\"https:\\\/\\\/cfaebi.pt\\\/rumo\\\/wp-content\\\/uploads\\\/2025\\\/05\\\/Template-de-Identificacao-de-Projetos-de-Integracao-de-Migrantes.pdf\",\"wpOptions\":\"true\"}; if(window.DFLIP && window.DFLIP.parseBooks){window.DFLIP.parseBooks();}<\/script>\n","protected":false},"excerpt":{"rendered":"<p>Contribuir para a constru\u00e7\u00e3o de n\u00edveis superiores de integra\u00e7\u00e3o dos alunos, assentes no trabalho conjunto e devidamente articulado entre todos. Definir e implementar pr\u00e1ticas de interven\u00e7\u00e3o social para a integra\u00e7\u00e3o de migrantes na escola; Fomentar rela\u00e7\u00f5es de convivi\u00eancia intercultural.<\/p>\n","protected":false},"author":1,"featured_media":596,"comment_status":"closed","ping_status":"closed","sticky":false,"template":"","format":"standard","meta":{"pagelayer_contact_templates":[],"_pagelayer_content":"","footnotes":""},"categories":[17,13],"tags":[],"class_list":["post-595","post","type-post","status-publish","format-standard","has-post-thumbnail","hentry","category-agrupamento-de-escolas-do-fundao","category-boas_praticas"],"_links":{"self":[{"href":"https:\/\/cfaebi.pt\/rumo\/wp-json\/wp\/v2\/posts\/595","targetHints":{"allow":["GET"]}}],"collection":[{"href":"https:\/\/cfaebi.pt\/rumo\/wp-json\/wp\/v2\/posts"}],"about":[{"href":"https:\/\/cfaebi.pt\/rumo\/wp-json\/wp\/v2\/types\/post"}],"author":[{"embeddable":true,"href":"https:\/\/cfaebi.pt\/rumo\/wp-json\/wp\/v2\/users\/1"}],"replies":[{"embeddable":true,"href":"https:\/\/cfaebi.pt\/rumo\/wp-json\/wp\/v2\/comments?post=595"}],"version-history":[{"count":1,"href":"https:\/\/cfaebi.pt\/rumo\/wp-json\/wp\/v2\/posts\/595\/revisions"}],"predecessor-version":[{"id":597,"href":"https:\/\/cfaebi.pt\/rumo\/wp-json\/wp\/v2\/posts\/595\/revisions\/597"}],"wp:featuredmedia":[{"embeddable":true,"href":"https:\/\/cfaebi.pt\/rumo\/wp-json\/wp\/v2\/media\/596"}],"wp:attachment":[{"href":"https:\/\/cfaebi.pt\/rumo\/wp-json\/wp\/v2\/media?parent=595"}],"wp:term":[{"taxonomy":"category","embeddable":true,"href":"https:\/\/cfaebi.pt\/rumo\/wp-json\/wp\/v2\/categories?post=595"},{"taxonomy":"post_tag","embeddable":true,"href":"https:\/\/cfaebi.pt\/rumo\/wp-json\/wp\/v2\/tags?post=595"}],"curies":[{"name":"wp","href":"https:\/\/api.w.org\/{rel}","templated":true}]}}