{"id":608,"date":"2025-05-23T10:30:06","date_gmt":"2025-05-23T10:30:06","guid":{"rendered":"https:\/\/cfaebi.pt\/rumo\/?p=608"},"modified":"2026-02-12T11:32:47","modified_gmt":"2026-02-12T11:32:47","slug":"acolhimento-e-integracao-de-alunas-migrantes-em-contexto-familiar-atipico","status":"publish","type":"post","link":"https:\/\/cfaebi.pt\/rumo\/2025\/05\/23\/acolhimento-e-integracao-de-alunas-migrantes-em-contexto-familiar-atipico\/","title":{"rendered":"&#8220;De m\u00e3os dadas com a Ucr\u00e2nia&#8221;"},"content":{"rendered":"\n<p>Com o in\u00edcio do conflito na Ucr\u00e2nia, o agrupamento passou a acolher alunos provenientes deste pa\u00eds. Posteriormente, outros alunos migrantes de diferentes nacionalidades integraram tamb\u00e9m a comunidade escolar. Face \u00e0s dificuldades lingu\u00edsticas, culturais e socioecon\u00f3micas identificadas, a escola estruturou um plano de integra\u00e7\u00e3o personalizado de grande proximidade com as fam\u00edlias.<\/p>\n\n\n\n<div class=\"_df_book df-lite\" id=\"604\"  data-title=\"\" wpoptions=\"true\" thumbtype=\"\" ><\/div>\n","protected":false},"excerpt":{"rendered":"<p>Com o in\u00edcio do conflito na Ucr\u00e2nia, o agrupamento passou a acolher alunos provenientes deste pa\u00eds. Posteriormente, outros alunos migrantes de diferentes nacionalidades integraram tamb\u00e9m a comunidade escolar. Face \u00e0s dificuldades lingu\u00edsticas, culturais e socioecon\u00f3micas identificadas, a escola estruturou um plano de integra\u00e7\u00e3o personalizado de grande proximidade com as fam\u00edlias.<\/p>\n","protected":false},"author":1,"featured_media":609,"comment_status":"closed","ping_status":"closed","sticky":false,"template":"","format":"standard","meta":{"pagelayer_contact_templates":[],"_pagelayer_content":"","footnotes":""},"categories":[23,13],"tags":[],"class_list":["post-608","post","type-post","status-publish","format-standard","has-post-thumbnail","hentry","category-agrupamento-de-escolas-de-manteigas","category-boas_praticas"],"_links":{"self":[{"href":"https:\/\/cfaebi.pt\/rumo\/wp-json\/wp\/v2\/posts\/608","targetHints":{"allow":["GET"]}}],"collection":[{"href":"https:\/\/cfaebi.pt\/rumo\/wp-json\/wp\/v2\/posts"}],"about":[{"href":"https:\/\/cfaebi.pt\/rumo\/wp-json\/wp\/v2\/types\/post"}],"author":[{"embeddable":true,"href":"https:\/\/cfaebi.pt\/rumo\/wp-json\/wp\/v2\/users\/1"}],"replies":[{"embeddable":true,"href":"https:\/\/cfaebi.pt\/rumo\/wp-json\/wp\/v2\/comments?post=608"}],"version-history":[{"count":3,"href":"https:\/\/cfaebi.pt\/rumo\/wp-json\/wp\/v2\/posts\/608\/revisions"}],"predecessor-version":[{"id":617,"href":"https:\/\/cfaebi.pt\/rumo\/wp-json\/wp\/v2\/posts\/608\/revisions\/617"}],"wp:featuredmedia":[{"embeddable":true,"href":"https:\/\/cfaebi.pt\/rumo\/wp-json\/wp\/v2\/media\/609"}],"wp:attachment":[{"href":"https:\/\/cfaebi.pt\/rumo\/wp-json\/wp\/v2\/media?parent=608"}],"wp:term":[{"taxonomy":"category","embeddable":true,"href":"https:\/\/cfaebi.pt\/rumo\/wp-json\/wp\/v2\/categories?post=608"},{"taxonomy":"post_tag","embeddable":true,"href":"https:\/\/cfaebi.pt\/rumo\/wp-json\/wp\/v2\/tags?post=608"}],"curies":[{"name":"wp","href":"https:\/\/api.w.org\/{rel}","templated":true}]}}