{"id":719,"date":"2025-07-24T14:23:08","date_gmt":"2025-07-24T14:23:08","guid":{"rendered":"https:\/\/cfaebi.pt\/rumo\/?p=719"},"modified":"2026-03-10T23:08:08","modified_gmt":"2026-03-10T23:08:08","slug":"aula-de-campo-em-portugues-lingua-nao-materna","status":"publish","type":"post","link":"https:\/\/cfaebi.pt\/rumo\/2025\/07\/24\/aula-de-campo-em-portugues-lingua-nao-materna\/","title":{"rendered":"Aula de campo em Portugu\u00eas L\u00edngua n\u00e3o Materna"},"content":{"rendered":"\n<p>Produzir enunciados orais breves com o objetivo de cumprimentar\/despedir-se; agradecer\/reagir a um agradecimento. (n\u00edvel A1)<br>&#8211; Interagir com espontaneidade em conversas quotidianas. (n\u00edvel B1)<br>&#8211; Estabelecer rela\u00e7\u00f5es entre a cultura de l\u00edngua materna e a da l\u00edngua estrangeira, compreendendo as diferen\u00e7as e semelhan\u00e7as. (n\u00edvel A2)<br>&#8211; Reconhecer a import\u00e2ncia das compet\u00eancias comunicativas<\/p>\n\n\n<a href=\"https:\/\/cfaebi.pt\/rumo\/wp-content\/uploads\/2025\/07\/Template-de-Identificacao-de-Projetos-de-Integracao-de-Migrantes_auladecampo.pdf\" class=\"pdfemb-viewer\" style=\"\" data-width=\"max\" data-height=\"max\" data-toolbar=\"bottom\" data-toolbar-fixed=\"off\">Template-de-Identificacao-de-Projetos-de-Integracao-de-Migrantes_auladecampo<\/a>","protected":false},"excerpt":{"rendered":"<p>Produzir enunciados orais breves com o objetivo de cumprimentar\/despedir-se; agradecer\/reagir a um agradecimento. (n\u00edvel A1)&#8211; Interagir com espontaneidade em conversas quotidianas. (n\u00edvel B1)&#8211; Estabelecer rela\u00e7\u00f5es entre a cultura de l\u00edngua materna e a da l\u00edngua estrangeira, compreendendo as diferen\u00e7as e semelhan\u00e7as. (n\u00edvel A2)&#8211; Reconhecer a import\u00e2ncia das compet\u00eancias comunicativas<\/p>\n","protected":false},"author":1,"featured_media":720,"comment_status":"closed","ping_status":"closed","sticky":false,"template":"","format":"standard","meta":{"pagelayer_contact_templates":[],"_pagelayer_content":"","footnotes":""},"categories":[52,7],"tags":[],"class_list":["post-719","post","type-post","status-publish","format-standard","has-post-thumbnail","hentry","category-boas_praticas-en","category-escola-secundaria-campos-melo"],"_links":{"self":[{"href":"https:\/\/cfaebi.pt\/rumo\/wp-json\/wp\/v2\/posts\/719","targetHints":{"allow":["GET"]}}],"collection":[{"href":"https:\/\/cfaebi.pt\/rumo\/wp-json\/wp\/v2\/posts"}],"about":[{"href":"https:\/\/cfaebi.pt\/rumo\/wp-json\/wp\/v2\/types\/post"}],"author":[{"embeddable":true,"href":"https:\/\/cfaebi.pt\/rumo\/wp-json\/wp\/v2\/users\/1"}],"replies":[{"embeddable":true,"href":"https:\/\/cfaebi.pt\/rumo\/wp-json\/wp\/v2\/comments?post=719"}],"version-history":[{"count":3,"href":"https:\/\/cfaebi.pt\/rumo\/wp-json\/wp\/v2\/posts\/719\/revisions"}],"predecessor-version":[{"id":752,"href":"https:\/\/cfaebi.pt\/rumo\/wp-json\/wp\/v2\/posts\/719\/revisions\/752"}],"wp:featuredmedia":[{"embeddable":true,"href":"https:\/\/cfaebi.pt\/rumo\/wp-json\/wp\/v2\/media\/720"}],"wp:attachment":[{"href":"https:\/\/cfaebi.pt\/rumo\/wp-json\/wp\/v2\/media?parent=719"}],"wp:term":[{"taxonomy":"category","embeddable":true,"href":"https:\/\/cfaebi.pt\/rumo\/wp-json\/wp\/v2\/categories?post=719"},{"taxonomy":"post_tag","embeddable":true,"href":"https:\/\/cfaebi.pt\/rumo\/wp-json\/wp\/v2\/tags?post=719"}],"curies":[{"name":"wp","href":"https:\/\/api.w.org\/{rel}","templated":true}]}}